{"id":486,"date":"2026-04-02T18:39:27","date_gmt":"2026-04-02T16:39:27","guid":{"rendered":"https:\/\/www.clairem.art\/?p=486"},"modified":"2026-04-03T11:57:36","modified_gmt":"2026-04-03T09:57:36","slug":"2026-aurore","status":"publish","type":"post","link":"https:\/\/www.clairem.art\/index.php\/2026\/04\/02\/2026-aurore\/","title":{"rendered":"2026 : Aurore"},"content":{"rendered":"\n<figure class=\"wp-block-image size-large\"><img loading=\"lazy\" decoding=\"async\" width=\"1024\" height=\"771\" src=\"https:\/\/www.clairem.art\/wp-content\/uploads\/2026\/04\/dmxbtvsr-1024x771.jpg\" alt=\"\" class=\"wp-image-487\" srcset=\"https:\/\/www.clairem.art\/wp-content\/uploads\/2026\/04\/dmxbtvsr-1024x771.jpg 1024w, https:\/\/www.clairem.art\/wp-content\/uploads\/2026\/04\/dmxbtvsr-300x226.jpg 300w, https:\/\/www.clairem.art\/wp-content\/uploads\/2026\/04\/dmxbtvsr-768x578.jpg 768w, https:\/\/www.clairem.art\/wp-content\/uploads\/2026\/04\/dmxbtvsr-1536x1157.jpg 1536w, https:\/\/www.clairem.art\/wp-content\/uploads\/2026\/04\/dmxbtvsr-2048x1542.jpg 2048w\" sizes=\"auto, (max-width: 1024px) 100vw, 1024px\" \/><\/figure>\n\n\n\n<p>Dimensions\u00a0:<br>Hauteur : 50 cm<br>Largeur : 61cm<br>Toile r\u00e9alis\u00e9e \u00e0 l&rsquo; acrylique au pinceau\u00a0et au couteau<\/p>\n","protected":false},"excerpt":{"rendered":"<p>Dimensions\u00a0:Hauteur : 50 cmLargeur : 61cmToile r\u00e9alis\u00e9e \u00e0 l&rsquo; acrylique au pinceau\u00a0et au couteau<\/p>\n","protected":false},"author":1,"featured_media":487,"comment_status":"closed","ping_status":"open","sticky":false,"template":"","format":"standard","meta":{"footnotes":""},"categories":[96],"tags":[],"class_list":["post-486","post","type-post","status-publish","format-standard","has-post-thumbnail","hentry","category-portfolio"],"_links":{"self":[{"href":"https:\/\/www.clairem.art\/index.php\/wp-json\/wp\/v2\/posts\/486","targetHints":{"allow":["GET"]}}],"collection":[{"href":"https:\/\/www.clairem.art\/index.php\/wp-json\/wp\/v2\/posts"}],"about":[{"href":"https:\/\/www.clairem.art\/index.php\/wp-json\/wp\/v2\/types\/post"}],"author":[{"embeddable":true,"href":"https:\/\/www.clairem.art\/index.php\/wp-json\/wp\/v2\/users\/1"}],"replies":[{"embeddable":true,"href":"https:\/\/www.clairem.art\/index.php\/wp-json\/wp\/v2\/comments?post=486"}],"version-history":[{"count":2,"href":"https:\/\/www.clairem.art\/index.php\/wp-json\/wp\/v2\/posts\/486\/revisions"}],"predecessor-version":[{"id":492,"href":"https:\/\/www.clairem.art\/index.php\/wp-json\/wp\/v2\/posts\/486\/revisions\/492"}],"wp:featuredmedia":[{"embeddable":true,"href":"https:\/\/www.clairem.art\/index.php\/wp-json\/wp\/v2\/media\/487"}],"wp:attachment":[{"href":"https:\/\/www.clairem.art\/index.php\/wp-json\/wp\/v2\/media?parent=486"}],"wp:term":[{"taxonomy":"category","embeddable":true,"href":"https:\/\/www.clairem.art\/index.php\/wp-json\/wp\/v2\/categories?post=486"},{"taxonomy":"post_tag","embeddable":true,"href":"https:\/\/www.clairem.art\/index.php\/wp-json\/wp\/v2\/tags?post=486"}],"curies":[{"name":"wp","href":"https:\/\/api.w.org\/{rel}","templated":true}]}}