{"id":290,"date":"2024-03-25T15:33:49","date_gmt":"2024-03-25T14:33:49","guid":{"rendered":"http:\/\/www.clairem.art\/?p=290"},"modified":"2024-03-25T15:35:17","modified_gmt":"2024-03-25T14:35:17","slug":"2017-fonds-marins-deuxieme-toile","status":"publish","type":"post","link":"https:\/\/www.clairem.art\/index.php\/2024\/03\/25\/2017-fonds-marins-deuxieme-toile\/","title":{"rendered":"2017 fonds marins deuxi\u00e8me toile"},"content":{"rendered":"<div class=\"postie-post\"><div id='gallery-1' class='gallery galleryid-290 gallery-columns-3 gallery-size-thumbnail'><figure class='gallery-item'>\n\t\t\t<div class='gallery-icon landscape'>\n\t\t\t\t<a href='https:\/\/www.clairem.art\/index.php\/2024\/03\/25\/2017-fonds-marins-deuxieme-toile\/2017-fonds-marins-deuxieme-toile\/'><img loading=\"lazy\" decoding=\"async\" width=\"150\" height=\"150\" src=\"https:\/\/www.clairem.art\/wp-content\/uploads\/2024\/03\/2017-Fonds-marins-Deuxieme-toile-150x150.png\" class=\"attachment-thumbnail size-thumbnail\" alt=\"\" \/><\/a>\n\t\t\t<\/div><\/figure>\n\t\t<\/div>\n<br \/>\nJanvier  2016  \u00e0  d\u00e9cembre  2019<br \/>\n Deuxi\u00e8me toile<\/p>\n<p>Dimensions\u00a0:<br \/>\nHauteur : 50 cm<br \/>\nLargeur : 100 cm<\/p>\n<p>Toile  r\u00e9alis\u00e9e   a l\u2019 acrylique  au pinceau<\/p><\/div>\n","protected":false},"excerpt":{"rendered":"<p>Janvier 2016 \u00e0 d\u00e9cembre 2019 Deuxi\u00e8me toile Dimensions\u00a0: Hauteur : 50 cm Largeur : 100 cm Toile r\u00e9alis\u00e9e a l\u2019 acrylique au pinceau<\/p>\n","protected":false},"author":1,"featured_media":291,"comment_status":"closed","ping_status":"open","sticky":false,"template":"","format":"standard","meta":{"footnotes":""},"categories":[96],"tags":[],"class_list":["post-290","post","type-post","status-publish","format-standard","has-post-thumbnail","hentry","category-portfolio"],"_links":{"self":[{"href":"https:\/\/www.clairem.art\/index.php\/wp-json\/wp\/v2\/posts\/290","targetHints":{"allow":["GET"]}}],"collection":[{"href":"https:\/\/www.clairem.art\/index.php\/wp-json\/wp\/v2\/posts"}],"about":[{"href":"https:\/\/www.clairem.art\/index.php\/wp-json\/wp\/v2\/types\/post"}],"author":[{"embeddable":true,"href":"https:\/\/www.clairem.art\/index.php\/wp-json\/wp\/v2\/users\/1"}],"replies":[{"embeddable":true,"href":"https:\/\/www.clairem.art\/index.php\/wp-json\/wp\/v2\/comments?post=290"}],"version-history":[{"count":0,"href":"https:\/\/www.clairem.art\/index.php\/wp-json\/wp\/v2\/posts\/290\/revisions"}],"wp:featuredmedia":[{"embeddable":true,"href":"https:\/\/www.clairem.art\/index.php\/wp-json\/wp\/v2\/media\/291"}],"wp:attachment":[{"href":"https:\/\/www.clairem.art\/index.php\/wp-json\/wp\/v2\/media?parent=290"}],"wp:term":[{"taxonomy":"category","embeddable":true,"href":"https:\/\/www.clairem.art\/index.php\/wp-json\/wp\/v2\/categories?post=290"},{"taxonomy":"post_tag","embeddable":true,"href":"https:\/\/www.clairem.art\/index.php\/wp-json\/wp\/v2\/tags?post=290"}],"curies":[{"name":"wp","href":"https:\/\/api.w.org\/{rel}","templated":true}]}}