{"id":189,"date":"2024-01-22T09:18:16","date_gmt":"2024-01-22T08:18:16","guid":{"rendered":"https:\/\/www.clairem.art\/?p=189"},"modified":"2024-01-22T09:28:38","modified_gmt":"2024-01-22T08:28:38","slug":"coucher-de-lune","status":"publish","type":"post","link":"https:\/\/www.clairem.art\/index.php\/2024\/01\/22\/coucher-de-lune\/","title":{"rendered":"1969 Coucher de lune"},"content":{"rendered":"<div class=\"postie-post\">\n<div id='gallery-1' class='gallery galleryid-189 gallery-columns-3 gallery-size-thumbnail'><figure class='gallery-item'>\n\t\t\t<div class='gallery-icon portrait'>\n\t\t\t\t<a href='https:\/\/www.clairem.art\/index.php\/2024\/01\/22\/coucher-de-lune\/coucher-de-lune\/'><img loading=\"lazy\" decoding=\"async\" width=\"150\" height=\"150\" src=\"https:\/\/www.clairem.art\/wp-content\/uploads\/2024\/01\/Coucher-de-lune-150x150.png\" class=\"attachment-thumbnail size-thumbnail\" alt=\"\" \/><\/a>\n\t\t\t<\/div><\/figure>\n\t\t<\/div>\n\n<p>Mai 1969 Peinture \u00e0 l\u2019huile r\u00e9alis\u00e9e \u00e0 la brosse et au couteau<\/p><\/div>\n<div><\/div>\n<div class=\"postie-post\">Dimensions\u00a0:<\/div>\n<div class=\"postie-post\">Hauteur 46<\/div>\n<div class=\"postie-post\">largeur 38<\/div>\n","protected":false},"excerpt":{"rendered":"<p>Mai 1969 Peinture \u00e0 l\u2019huile r\u00e9alis\u00e9e \u00e0 la brosse et au couteau Dimensions\u00a0: Hauteur 46 largeur 38<\/p>\n","protected":false},"author":1,"featured_media":190,"comment_status":"closed","ping_status":"open","sticky":false,"template":"","format":"standard","meta":{"footnotes":""},"categories":[96],"tags":[],"class_list":["post-189","post","type-post","status-publish","format-standard","has-post-thumbnail","hentry","category-portfolio"],"_links":{"self":[{"href":"https:\/\/www.clairem.art\/index.php\/wp-json\/wp\/v2\/posts\/189","targetHints":{"allow":["GET"]}}],"collection":[{"href":"https:\/\/www.clairem.art\/index.php\/wp-json\/wp\/v2\/posts"}],"about":[{"href":"https:\/\/www.clairem.art\/index.php\/wp-json\/wp\/v2\/types\/post"}],"author":[{"embeddable":true,"href":"https:\/\/www.clairem.art\/index.php\/wp-json\/wp\/v2\/users\/1"}],"replies":[{"embeddable":true,"href":"https:\/\/www.clairem.art\/index.php\/wp-json\/wp\/v2\/comments?post=189"}],"version-history":[{"count":2,"href":"https:\/\/www.clairem.art\/index.php\/wp-json\/wp\/v2\/posts\/189\/revisions"}],"predecessor-version":[{"id":192,"href":"https:\/\/www.clairem.art\/index.php\/wp-json\/wp\/v2\/posts\/189\/revisions\/192"}],"wp:featuredmedia":[{"embeddable":true,"href":"https:\/\/www.clairem.art\/index.php\/wp-json\/wp\/v2\/media\/190"}],"wp:attachment":[{"href":"https:\/\/www.clairem.art\/index.php\/wp-json\/wp\/v2\/media?parent=189"}],"wp:term":[{"taxonomy":"category","embeddable":true,"href":"https:\/\/www.clairem.art\/index.php\/wp-json\/wp\/v2\/categories?post=189"},{"taxonomy":"post_tag","embeddable":true,"href":"https:\/\/www.clairem.art\/index.php\/wp-json\/wp\/v2\/tags?post=189"}],"curies":[{"name":"wp","href":"https:\/\/api.w.org\/{rel}","templated":true}]}}